{"id":5194,"date":"2023-03-09T10:58:27","date_gmt":"2023-03-09T09:58:27","guid":{"rendered":"https:\/\/www.oxfordlecce.it\/?p=5194"},"modified":"2023-03-09T10:58:27","modified_gmt":"2023-03-09T09:58:27","slug":"trentennale-strage-di-capaci-pietro-grasso-alunni-oxford-giovanni-falcone","status":"publish","type":"post","link":"https:\/\/www.ihoxfordlecce.it\/en_gb\/2023\/03\/09\/trentennale-strage-di-capaci-pietro-grasso-alunni-oxford-giovanni-falcone\/","title":{"rendered":"Nel trentennale della strage di Capaci, Pietro Grasso racconta agli alunni Oxford Giovanni Falcone"},"content":{"rendered":"<p>Un evento importante e un incontro commovente quello che si \u00e8 tenuto presso l\u2019 <strong>Hotel Tiziano e dei Congressi di Lecce.<\/strong><\/p>\n<p>I ragazzi delle classi I \u2013 II &#8211; III della Scuola Secondaria di I grado dell\u2019istituto <strong>International House Oxford Group Lecce<\/strong>, il 7 marzo scorso, hanno avuto l\u2019opportunit\u00e0 di incontrare il senatore, ex presidente del Senato e scrittore <strong>Pietro Grasso<\/strong>, dialogando sui temi della legalit\u00e0 e lotta alle mafie.<\/p>\n<p>L\u2019incontro ha avuto inizio alle ore 15:00 presso la sala Donatello del Grand Hotel Tiziano di Lecce con l&#8217;accoglienza della direttrice Anna Grazia Buttazzo e della preside Carmen Indirli, dove i ragazzi sono stati accompagnati dai propri docenti. Ad essere invitate e a partecipare numerose sono state anche le famiglie degli alunni, sempre attente e interessate alle tante proposte che arricchiscono l\u2019offerta formativa della scuola Montessori Internazionale.<\/p>\n<h3>&#8216;Il mio amico Giovanni&#8217;<\/h3>\n<p>Al termine dell\u2019 incontro gli studenti hanno avuto l\u2019occasione di ricevere l\u2019autografo sul<strong> libro \u201cIl mio amico Giovanni\u201d<\/strong>, gi\u00e0 ampliamente sviscerato e approfondito durante le ore di lezione, con il supporto delle docenti che hanno curato il progetto Teresa Romano, Anna Paola Carluccio ed Elena Carluccio. In particolare, ad aver svolto un ruolo fondamentale nell&#8217;organizzazione la docente Teresa Romano, aderente all&#8217;associazione Demea che ha reso possibile l&#8217;evento, collaborando fattivamente alla realizzazione del programma.<\/p>\n<blockquote><p>\u201c<em>Ci sono storie che non finiscono, ci sono storie che non possono finire perch\u00e9 troppo importante \u00e8 il percorso e fondamentale \u00e8 lo scopo. Il mio amico Giovanni racconta una storia che non pu\u00f2 finire perch\u00e9 \u00e8 prima di tutto la storia di una amicizia. Ma \u00e8 anche la storia di un rapporto professionale fatto di condivisione: tempo e spazi, studio intenso, paure grandissime, gioie immense, piccoli passi avanti e cocenti frustrazioni. Il libro che avete tra le mani \u00e8 assai prezioso perch\u00e9 \u00e8 la storia di un rapporto di amicizia e professionale insieme, ed \u00e8 una storia che ci riguarda. Ci\u00f2 che questo libro racconta ha un inizio ma non finisce con la morte di Giovanni Falcone perch\u00e9, a trent\u2019anni dalla strage di Capaci, lo sguardo di Pietro Grasso \u00e8 rivolto al futuro, un futuro che si apre a tutto ci\u00f2 che non \u00e8 ancora stato fatto e che potrebbe realizzarsi.<\/em>\u201d<\/p><\/blockquote>\n<p>Nel <strong>trentennale della strage di Capaci<\/strong>, Pietro Grasso racconta ai ragazzi Giovanni Falcone, la loro amicizia e le tante battaglie vissute accanto al giudice simbolo della<strong> lotta alla mafia.<\/strong><\/p>\n<h3>L&#8217;Albero di Falcone<\/h3>\n<p>Inoltre, ad impreziosire l\u2019evento \u00e8 stata la la consegna alla scuola dalle mani di Pietro Grasso dell&#8217; <strong>&#8220;Albero di Falcone&#8221;, una talea che nasce dall&#8217;albero che cresce a Palermo sotto la casa del magistrato<\/strong>. I carabinieri del Nucleo Ambientale hanno curato la consegna dell\u2019arbusto.<\/p>\n\n<div uk-grid class=\"uk-child-width-1-3\">\n\n            <div class='uk-text-center'>\n\n            \n            <a href='https:\/\/www.ihoxfordlecce.it\/en_gb\/grasso_albero\/'><img loading=\"lazy\" decoding=\"async\" width=\"150\" height=\"150\" src=\"https:\/\/www.ihoxfordlecce.it\/wp-content\/uploads\/2023\/03\/grasso_albero-150x150.jpg\" class=\"attachment-thumbnail size-thumbnail\" alt=\"\" \/><\/a>\n            \n        <\/div>\n            <div class='uk-text-center'>\n\n            \n            <a href='https:\/\/www.ihoxfordlecce.it\/en_gb\/grasso1\/'><img loading=\"lazy\" decoding=\"async\" width=\"150\" height=\"150\" src=\"https:\/\/www.ihoxfordlecce.it\/wp-content\/uploads\/2023\/03\/grasso1-150x150.jpg\" class=\"attachment-thumbnail size-thumbnail\" alt=\"\" \/><\/a>\n            \n        <\/div>\n            <div class='uk-text-center'>\n\n            \n            <a href='https:\/\/www.ihoxfordlecce.it\/en_gb\/grasso3\/'><img loading=\"lazy\" decoding=\"async\" width=\"150\" height=\"150\" src=\"https:\/\/www.ihoxfordlecce.it\/wp-content\/uploads\/2023\/03\/grasso3-150x150.jpg\" class=\"attachment-thumbnail size-thumbnail\" alt=\"\" \/><\/a>\n            \n        <\/div>\n    \n<\/div>\n\n<p><a href=\"https:\/\/www.oxfordlecce.it\/wp-content\/uploads\/2023\/03\/renna.jpg\"><img loading=\"lazy\" decoding=\"async\" class=\"alignleft size-medium wp-image-5201\" src=\"https:\/\/www.oxfordlecce.it\/wp-content\/uploads\/2023\/03\/renna-225x300.jpg\" alt=\"\" width=\"225\" height=\"300\" srcset=\"https:\/\/www.ihoxfordlecce.it\/wp-content\/uploads\/2023\/03\/renna-225x300.jpg 225w, https:\/\/www.ihoxfordlecce.it\/wp-content\/uploads\/2023\/03\/renna-768x1024.jpg 768w, https:\/\/www.ihoxfordlecce.it\/wp-content\/uploads\/2023\/03\/renna-1152x1536.jpg 1152w, https:\/\/www.ihoxfordlecce.it\/wp-content\/uploads\/2023\/03\/renna.jpg 1200w\" sizes=\"(max-width: 225px) 100vw, 225px\" \/><\/a>Durante l\u2019incontro, moderato dal giornalista Marco Renna, i ragazzi hanno presentato all\u2019ex magistrato gli <strong>albi illustrati<\/strong> preparati nei giorni scorsi, uno fatto da <strong>seconda e terza media<\/strong> (ha sintetizzato e tradotto in immagini il libro che hanno letto) e l&#8217;altro fatto dai ragazzi di prima media, che hanno intervistato genitori, nonni e altri adulti, chiedendo loro se ricordassero dove fossero quando fu data la notizia delle stragi di Capaci e Via d&#8217;Amelio.<\/p>\n<p>I ragazzi di <strong>prima media<\/strong> hanno anche costruito un albero, sulle cui foglie avevano scritto un loro pensiero sulla legalit\u00e0. Un altro gruppo ha scritto un giornalino sulle tematiche della mafia e di chi l&#8217;ha combattuta a costo della propria vita.<\/p>\n<p>Gli alunni hanno posto le loro domande e hanno assunto l&#8217;impegno di essere dei &#8220;giovani Falcone&#8221; per contribuire ogni giorno alla lotta contro l&#8217;illegalit\u00e0.<\/p>","protected":false},"excerpt":{"rendered":"<p>Un evento importante e un incontro commovente quello che si \u00e8 tenuto presso l\u2019 Hotel Tiziano e dei Congressi di Lecce. I ragazzi delle classi I \u2013 II &#8211; III della Scuola Secondaria di I grado dell\u2019istituto International House Oxford Group Lecce, il 7 marzo scorso, hanno avuto l\u2019opportunit\u00e0 di incontrare il senatore, ex presidente [&hellip;]<\/p>\n","protected":false},"author":1,"featured_media":5195,"comment_status":"closed","ping_status":"open","sticky":false,"template":"","format":"standard","meta":{"footnotes":""},"categories":[118],"tags":[170],"class_list":["post-5194","post","type-post","status-publish","format-standard","has-post-thumbnail","hentry","category-scuola-it","tag-scuola-montessori-lecce"],"yoast_head":"<!-- This site is optimized with the Yoast SEO Premium plugin v27.4 (Yoast SEO v27.4) - https:\/\/yoast.com\/product\/yoast-seo-premium-wordpress\/ -->\n<title>Nel trentennale della strage di Capaci, Pietro Grasso racconta agli alunni Oxford Giovanni Falcone - IH International House Lecce | Oxford Group<\/title>\n<meta name=\"description\" content=\"L&#039;incontro si \u00e8 svolto presso la sala Donatello dell&#039;Hotel Tiziano di Lecce. Pietro Grasso ha raccontato l&#039;amico Giovanni Falcone.\" \/>\n<meta name=\"robots\" content=\"index, follow, max-snippet:-1, max-image-preview:large, max-video-preview:-1\" \/>\n<link rel=\"canonical\" href=\"https:\/\/www.ihoxfordlecce.it\/en_gb\/2023\/03\/09\/trentennale-strage-di-capaci-pietro-grasso-alunni-oxford-giovanni-falcone\/\" \/>\n<meta property=\"og:locale\" content=\"en_GB\" \/>\n<meta property=\"og:type\" content=\"article\" \/>\n<meta property=\"og:title\" content=\"Nel trentennale della strage di Capaci, Pietro Grasso racconta agli alunni Oxford Giovanni Falcone\" \/>\n<meta property=\"og:description\" content=\"L&#039;incontro si \u00e8 svolto presso la sala Donatello dell&#039;Hotel Tiziano di Lecce. Pietro Grasso ha raccontato l&#039;amico Giovanni Falcone.\" \/>\n<meta property=\"og:url\" content=\"https:\/\/www.ihoxfordlecce.it\/en_gb\/2023\/03\/09\/trentennale-strage-di-capaci-pietro-grasso-alunni-oxford-giovanni-falcone\/\" \/>\n<meta property=\"og:site_name\" content=\"IH International House Lecce | Oxford Group\" \/>\n<meta property=\"article:publisher\" content=\"https:\/\/www.facebook.com\/people\/IH-Oxford-Academy-Polo-Universitario\/61559814144205\/\" \/>\n<meta property=\"article:published_time\" content=\"2023-03-09T09:58:27+00:00\" \/>\n<meta property=\"og:image\" content=\"https:\/\/www.ihoxfordlecce.it\/wp-content\/uploads\/2023\/03\/grasso2.jpg\" \/>\n\t<meta property=\"og:image:width\" content=\"1600\" \/>\n\t<meta property=\"og:image:height\" content=\"1200\" \/>\n\t<meta property=\"og:image:type\" content=\"image\/jpeg\" \/>\n<meta name=\"author\" content=\"admin\" \/>\n<meta name=\"twitter:card\" content=\"summary_large_image\" \/>\n<meta name=\"twitter:label1\" content=\"Written by\" \/>\n\t<meta name=\"twitter:data1\" content=\"admin\" \/>\n\t<meta name=\"twitter:label2\" content=\"Estimated reading time\" \/>\n\t<meta name=\"twitter:data2\" content=\"3 minutes\" \/>\n<script type=\"application\/ld+json\" class=\"yoast-schema-graph\">{\"@context\":\"https:\\\/\\\/schema.org\",\"@graph\":[{\"@type\":\"Article\",\"@id\":\"https:\\\/\\\/www.ihoxfordlecce.it\\\/2023\\\/03\\\/09\\\/trentennale-strage-di-capaci-pietro-grasso-alunni-oxford-giovanni-falcone\\\/#article\",\"isPartOf\":{\"@id\":\"https:\\\/\\\/www.ihoxfordlecce.it\\\/2023\\\/03\\\/09\\\/trentennale-strage-di-capaci-pietro-grasso-alunni-oxford-giovanni-falcone\\\/\"},\"author\":{\"name\":\"admin\",\"@id\":\"https:\\\/\\\/www.ihoxfordlecce.it\\\/#\\\/schema\\\/person\\\/52c0f1136db5e57ddd91bc6a5f33d2a4\"},\"headline\":\"Nel trentennale della strage di Capaci, Pietro Grasso racconta agli alunni Oxford Giovanni Falcone\",\"datePublished\":\"2023-03-09T09:58:27+00:00\",\"mainEntityOfPage\":{\"@id\":\"https:\\\/\\\/www.ihoxfordlecce.it\\\/2023\\\/03\\\/09\\\/trentennale-strage-di-capaci-pietro-grasso-alunni-oxford-giovanni-falcone\\\/\"},\"wordCount\":603,\"publisher\":{\"@id\":\"https:\\\/\\\/www.ihoxfordlecce.it\\\/#organization\"},\"image\":{\"@id\":\"https:\\\/\\\/www.ihoxfordlecce.it\\\/2023\\\/03\\\/09\\\/trentennale-strage-di-capaci-pietro-grasso-alunni-oxford-giovanni-falcone\\\/#primaryimage\"},\"thumbnailUrl\":\"https:\\\/\\\/www.ihoxfordlecce.it\\\/wp-content\\\/uploads\\\/2023\\\/03\\\/grasso2.jpg\",\"keywords\":[\"scuola-montessori-lecce\"],\"articleSection\":[\"La Scuola\"],\"inLanguage\":\"en-GB\"},{\"@type\":\"WebPage\",\"@id\":\"https:\\\/\\\/www.ihoxfordlecce.it\\\/2023\\\/03\\\/09\\\/trentennale-strage-di-capaci-pietro-grasso-alunni-oxford-giovanni-falcone\\\/\",\"url\":\"https:\\\/\\\/www.ihoxfordlecce.it\\\/2023\\\/03\\\/09\\\/trentennale-strage-di-capaci-pietro-grasso-alunni-oxford-giovanni-falcone\\\/\",\"name\":\"Nel trentennale della strage di Capaci, Pietro Grasso racconta agli alunni Oxford Giovanni Falcone - IH International House Lecce | Oxford Group\",\"isPartOf\":{\"@id\":\"https:\\\/\\\/www.ihoxfordlecce.it\\\/#website\"},\"primaryImageOfPage\":{\"@id\":\"https:\\\/\\\/www.ihoxfordlecce.it\\\/2023\\\/03\\\/09\\\/trentennale-strage-di-capaci-pietro-grasso-alunni-oxford-giovanni-falcone\\\/#primaryimage\"},\"image\":{\"@id\":\"https:\\\/\\\/www.ihoxfordlecce.it\\\/2023\\\/03\\\/09\\\/trentennale-strage-di-capaci-pietro-grasso-alunni-oxford-giovanni-falcone\\\/#primaryimage\"},\"thumbnailUrl\":\"https:\\\/\\\/www.ihoxfordlecce.it\\\/wp-content\\\/uploads\\\/2023\\\/03\\\/grasso2.jpg\",\"datePublished\":\"2023-03-09T09:58:27+00:00\",\"description\":\"L'incontro si \u00e8 svolto presso la sala Donatello dell'Hotel Tiziano di Lecce. Pietro Grasso ha raccontato l'amico Giovanni Falcone.\",\"breadcrumb\":{\"@id\":\"https:\\\/\\\/www.ihoxfordlecce.it\\\/2023\\\/03\\\/09\\\/trentennale-strage-di-capaci-pietro-grasso-alunni-oxford-giovanni-falcone\\\/#breadcrumb\"},\"inLanguage\":\"en-GB\",\"potentialAction\":[{\"@type\":\"ReadAction\",\"target\":[\"https:\\\/\\\/www.ihoxfordlecce.it\\\/2023\\\/03\\\/09\\\/trentennale-strage-di-capaci-pietro-grasso-alunni-oxford-giovanni-falcone\\\/\"]}]},{\"@type\":\"ImageObject\",\"inLanguage\":\"en-GB\",\"@id\":\"https:\\\/\\\/www.ihoxfordlecce.it\\\/2023\\\/03\\\/09\\\/trentennale-strage-di-capaci-pietro-grasso-alunni-oxford-giovanni-falcone\\\/#primaryimage\",\"url\":\"https:\\\/\\\/www.ihoxfordlecce.it\\\/wp-content\\\/uploads\\\/2023\\\/03\\\/grasso2.jpg\",\"contentUrl\":\"https:\\\/\\\/www.ihoxfordlecce.it\\\/wp-content\\\/uploads\\\/2023\\\/03\\\/grasso2.jpg\",\"width\":1600,\"height\":1200},{\"@type\":\"BreadcrumbList\",\"@id\":\"https:\\\/\\\/www.ihoxfordlecce.it\\\/2023\\\/03\\\/09\\\/trentennale-strage-di-capaci-pietro-grasso-alunni-oxford-giovanni-falcone\\\/#breadcrumb\",\"itemListElement\":[{\"@type\":\"ListItem\",\"position\":1,\"name\":\"Home\",\"item\":\"https:\\\/\\\/www.ihoxfordlecce.it\\\/\"},{\"@type\":\"ListItem\",\"position\":2,\"name\":\"Nel trentennale della strage di Capaci, Pietro Grasso racconta agli alunni Oxford Giovanni Falcone\"}]},{\"@type\":\"WebSite\",\"@id\":\"https:\\\/\\\/www.ihoxfordlecce.it\\\/#website\",\"url\":\"https:\\\/\\\/www.ihoxfordlecce.it\\\/\",\"name\":\"IH International House Lecce | Oxford Group\",\"description\":\"International House Lecce offre servizi di qualit\u00e0 nei settori dell&#039;insegnamento delle lingue\",\"publisher\":{\"@id\":\"https:\\\/\\\/www.ihoxfordlecce.it\\\/#organization\"},\"potentialAction\":[{\"@type\":\"SearchAction\",\"target\":{\"@type\":\"EntryPoint\",\"urlTemplate\":\"https:\\\/\\\/www.ihoxfordlecce.it\\\/?s={search_term_string}\"},\"query-input\":{\"@type\":\"PropertyValueSpecification\",\"valueRequired\":true,\"valueName\":\"search_term_string\"}}],\"inLanguage\":\"en-GB\"},{\"@type\":\"Organization\",\"@id\":\"https:\\\/\\\/www.ihoxfordlecce.it\\\/#organization\",\"name\":\"IH International House Lecce | Oxford Group\",\"url\":\"https:\\\/\\\/www.ihoxfordlecce.it\\\/\",\"logo\":{\"@type\":\"ImageObject\",\"inLanguage\":\"en-GB\",\"@id\":\"https:\\\/\\\/www.ihoxfordlecce.it\\\/#\\\/schema\\\/logo\\\/image\\\/\",\"url\":\"https:\\\/\\\/www.ihoxfordlecce.it\\\/wp-content\\\/uploads\\\/2023\\\/08\\\/Oxford_Group_Logo.png\",\"contentUrl\":\"https:\\\/\\\/www.ihoxfordlecce.it\\\/wp-content\\\/uploads\\\/2023\\\/08\\\/Oxford_Group_Logo.png\",\"width\":819,\"height\":396,\"caption\":\"IH International House Lecce | Oxford Group\"},\"image\":{\"@id\":\"https:\\\/\\\/www.ihoxfordlecce.it\\\/#\\\/schema\\\/logo\\\/image\\\/\"},\"sameAs\":[\"https:\\\/\\\/www.facebook.com\\\/people\\\/IH-Oxford-Academy-Polo-Universitario\\\/61559814144205\\\/\",\"https:\\\/\\\/www.instagram.com\\\/ihoxfordlecceformazione\\\/\"],\"email\":\"info@oxfordlecce.it\",\"telephone\":\"0832.39.03.12\"},{\"@type\":\"Person\",\"@id\":\"https:\\\/\\\/www.ihoxfordlecce.it\\\/#\\\/schema\\\/person\\\/52c0f1136db5e57ddd91bc6a5f33d2a4\",\"name\":\"admin\",\"image\":{\"@type\":\"ImageObject\",\"inLanguage\":\"en-GB\",\"@id\":\"https:\\\/\\\/secure.gravatar.com\\\/avatar\\\/b7bdc7e253083e86d7e2f020c3d3e9b1cfdd99071087e4459318ed1efb193144?s=96&d=mm&r=g\",\"url\":\"https:\\\/\\\/secure.gravatar.com\\\/avatar\\\/b7bdc7e253083e86d7e2f020c3d3e9b1cfdd99071087e4459318ed1efb193144?s=96&d=mm&r=g\",\"contentUrl\":\"https:\\\/\\\/secure.gravatar.com\\\/avatar\\\/b7bdc7e253083e86d7e2f020c3d3e9b1cfdd99071087e4459318ed1efb193144?s=96&d=mm&r=g\",\"caption\":\"admin\"},\"sameAs\":[\"https:\\\/\\\/ihoxfordlecce.it\"],\"url\":\"https:\\\/\\\/www.ihoxfordlecce.it\\\/en_gb\\\/author\\\/admin\\\/\"}]}<\/script>\n<!-- \/ Yoast SEO Premium plugin. -->","yoast_head_json":{"title":"Nel trentennale della strage di Capaci, Pietro Grasso racconta agli alunni Oxford Giovanni Falcone - IH International House Lecce | Oxford Group","description":"L'incontro si \u00e8 svolto presso la sala Donatello dell'Hotel Tiziano di Lecce. Pietro Grasso ha raccontato l'amico Giovanni Falcone.","robots":{"index":"index","follow":"follow","max-snippet":"max-snippet:-1","max-image-preview":"max-image-preview:large","max-video-preview":"max-video-preview:-1"},"canonical":"https:\/\/www.ihoxfordlecce.it\/en_gb\/2023\/03\/09\/trentennale-strage-di-capaci-pietro-grasso-alunni-oxford-giovanni-falcone\/","og_locale":"en_GB","og_type":"article","og_title":"Nel trentennale della strage di Capaci, Pietro Grasso racconta agli alunni Oxford Giovanni Falcone","og_description":"L'incontro si \u00e8 svolto presso la sala Donatello dell'Hotel Tiziano di Lecce. Pietro Grasso ha raccontato l'amico Giovanni Falcone.","og_url":"https:\/\/www.ihoxfordlecce.it\/en_gb\/2023\/03\/09\/trentennale-strage-di-capaci-pietro-grasso-alunni-oxford-giovanni-falcone\/","og_site_name":"IH International House Lecce | Oxford Group","article_publisher":"https:\/\/www.facebook.com\/people\/IH-Oxford-Academy-Polo-Universitario\/61559814144205\/","article_published_time":"2023-03-09T09:58:27+00:00","og_image":[{"width":1600,"height":1200,"url":"https:\/\/www.ihoxfordlecce.it\/wp-content\/uploads\/2023\/03\/grasso2.jpg","type":"image\/jpeg"}],"author":"admin","twitter_card":"summary_large_image","twitter_misc":{"Written by":"admin","Estimated reading time":"3 minutes"},"schema":{"@context":"https:\/\/schema.org","@graph":[{"@type":"Article","@id":"https:\/\/www.ihoxfordlecce.it\/2023\/03\/09\/trentennale-strage-di-capaci-pietro-grasso-alunni-oxford-giovanni-falcone\/#article","isPartOf":{"@id":"https:\/\/www.ihoxfordlecce.it\/2023\/03\/09\/trentennale-strage-di-capaci-pietro-grasso-alunni-oxford-giovanni-falcone\/"},"author":{"name":"admin","@id":"https:\/\/www.ihoxfordlecce.it\/#\/schema\/person\/52c0f1136db5e57ddd91bc6a5f33d2a4"},"headline":"Nel trentennale della strage di Capaci, Pietro Grasso racconta agli alunni Oxford Giovanni Falcone","datePublished":"2023-03-09T09:58:27+00:00","mainEntityOfPage":{"@id":"https:\/\/www.ihoxfordlecce.it\/2023\/03\/09\/trentennale-strage-di-capaci-pietro-grasso-alunni-oxford-giovanni-falcone\/"},"wordCount":603,"publisher":{"@id":"https:\/\/www.ihoxfordlecce.it\/#organization"},"image":{"@id":"https:\/\/www.ihoxfordlecce.it\/2023\/03\/09\/trentennale-strage-di-capaci-pietro-grasso-alunni-oxford-giovanni-falcone\/#primaryimage"},"thumbnailUrl":"https:\/\/www.ihoxfordlecce.it\/wp-content\/uploads\/2023\/03\/grasso2.jpg","keywords":["scuola-montessori-lecce"],"articleSection":["La Scuola"],"inLanguage":"en-GB"},{"@type":"WebPage","@id":"https:\/\/www.ihoxfordlecce.it\/2023\/03\/09\/trentennale-strage-di-capaci-pietro-grasso-alunni-oxford-giovanni-falcone\/","url":"https:\/\/www.ihoxfordlecce.it\/2023\/03\/09\/trentennale-strage-di-capaci-pietro-grasso-alunni-oxford-giovanni-falcone\/","name":"Nel trentennale della strage di Capaci, Pietro Grasso racconta agli alunni Oxford Giovanni Falcone - IH International House Lecce | Oxford Group","isPartOf":{"@id":"https:\/\/www.ihoxfordlecce.it\/#website"},"primaryImageOfPage":{"@id":"https:\/\/www.ihoxfordlecce.it\/2023\/03\/09\/trentennale-strage-di-capaci-pietro-grasso-alunni-oxford-giovanni-falcone\/#primaryimage"},"image":{"@id":"https:\/\/www.ihoxfordlecce.it\/2023\/03\/09\/trentennale-strage-di-capaci-pietro-grasso-alunni-oxford-giovanni-falcone\/#primaryimage"},"thumbnailUrl":"https:\/\/www.ihoxfordlecce.it\/wp-content\/uploads\/2023\/03\/grasso2.jpg","datePublished":"2023-03-09T09:58:27+00:00","description":"L'incontro si \u00e8 svolto presso la sala Donatello dell'Hotel Tiziano di Lecce. Pietro Grasso ha raccontato l'amico Giovanni Falcone.","breadcrumb":{"@id":"https:\/\/www.ihoxfordlecce.it\/2023\/03\/09\/trentennale-strage-di-capaci-pietro-grasso-alunni-oxford-giovanni-falcone\/#breadcrumb"},"inLanguage":"en-GB","potentialAction":[{"@type":"ReadAction","target":["https:\/\/www.ihoxfordlecce.it\/2023\/03\/09\/trentennale-strage-di-capaci-pietro-grasso-alunni-oxford-giovanni-falcone\/"]}]},{"@type":"ImageObject","inLanguage":"en-GB","@id":"https:\/\/www.ihoxfordlecce.it\/2023\/03\/09\/trentennale-strage-di-capaci-pietro-grasso-alunni-oxford-giovanni-falcone\/#primaryimage","url":"https:\/\/www.ihoxfordlecce.it\/wp-content\/uploads\/2023\/03\/grasso2.jpg","contentUrl":"https:\/\/www.ihoxfordlecce.it\/wp-content\/uploads\/2023\/03\/grasso2.jpg","width":1600,"height":1200},{"@type":"BreadcrumbList","@id":"https:\/\/www.ihoxfordlecce.it\/2023\/03\/09\/trentennale-strage-di-capaci-pietro-grasso-alunni-oxford-giovanni-falcone\/#breadcrumb","itemListElement":[{"@type":"ListItem","position":1,"name":"Home","item":"https:\/\/www.ihoxfordlecce.it\/"},{"@type":"ListItem","position":2,"name":"Nel trentennale della strage di Capaci, Pietro Grasso racconta agli alunni Oxford Giovanni Falcone"}]},{"@type":"WebSite","@id":"https:\/\/www.ihoxfordlecce.it\/#website","url":"https:\/\/www.ihoxfordlecce.it\/","name":"IH International House Lecce | Oxford Group","description":"International House Lecce offre servizi di qualit\u00e0 nei settori dell&#039;insegnamento delle lingue","publisher":{"@id":"https:\/\/www.ihoxfordlecce.it\/#organization"},"potentialAction":[{"@type":"SearchAction","target":{"@type":"EntryPoint","urlTemplate":"https:\/\/www.ihoxfordlecce.it\/?s={search_term_string}"},"query-input":{"@type":"PropertyValueSpecification","valueRequired":true,"valueName":"search_term_string"}}],"inLanguage":"en-GB"},{"@type":"Organization","@id":"https:\/\/www.ihoxfordlecce.it\/#organization","name":"IH International House Lecce | Oxford Group","url":"https:\/\/www.ihoxfordlecce.it\/","logo":{"@type":"ImageObject","inLanguage":"en-GB","@id":"https:\/\/www.ihoxfordlecce.it\/#\/schema\/logo\/image\/","url":"https:\/\/www.ihoxfordlecce.it\/wp-content\/uploads\/2023\/08\/Oxford_Group_Logo.png","contentUrl":"https:\/\/www.ihoxfordlecce.it\/wp-content\/uploads\/2023\/08\/Oxford_Group_Logo.png","width":819,"height":396,"caption":"IH International House Lecce | Oxford Group"},"image":{"@id":"https:\/\/www.ihoxfordlecce.it\/#\/schema\/logo\/image\/"},"sameAs":["https:\/\/www.facebook.com\/people\/IH-Oxford-Academy-Polo-Universitario\/61559814144205\/","https:\/\/www.instagram.com\/ihoxfordlecceformazione\/"],"email":"info@oxfordlecce.it","telephone":"0832.39.03.12"},{"@type":"Person","@id":"https:\/\/www.ihoxfordlecce.it\/#\/schema\/person\/52c0f1136db5e57ddd91bc6a5f33d2a4","name":"admin","image":{"@type":"ImageObject","inLanguage":"en-GB","@id":"https:\/\/secure.gravatar.com\/avatar\/b7bdc7e253083e86d7e2f020c3d3e9b1cfdd99071087e4459318ed1efb193144?s=96&d=mm&r=g","url":"https:\/\/secure.gravatar.com\/avatar\/b7bdc7e253083e86d7e2f020c3d3e9b1cfdd99071087e4459318ed1efb193144?s=96&d=mm&r=g","contentUrl":"https:\/\/secure.gravatar.com\/avatar\/b7bdc7e253083e86d7e2f020c3d3e9b1cfdd99071087e4459318ed1efb193144?s=96&d=mm&r=g","caption":"admin"},"sameAs":["https:\/\/ihoxfordlecce.it"],"url":"https:\/\/www.ihoxfordlecce.it\/en_gb\/author\/admin\/"}]}},"_links":{"self":[{"href":"https:\/\/www.ihoxfordlecce.it\/en_gb\/wp-json\/wp\/v2\/posts\/5194","targetHints":{"allow":["GET"]}}],"collection":[{"href":"https:\/\/www.ihoxfordlecce.it\/en_gb\/wp-json\/wp\/v2\/posts"}],"about":[{"href":"https:\/\/www.ihoxfordlecce.it\/en_gb\/wp-json\/wp\/v2\/types\/post"}],"author":[{"embeddable":true,"href":"https:\/\/www.ihoxfordlecce.it\/en_gb\/wp-json\/wp\/v2\/users\/1"}],"replies":[{"embeddable":true,"href":"https:\/\/www.ihoxfordlecce.it\/en_gb\/wp-json\/wp\/v2\/comments?post=5194"}],"version-history":[{"count":0,"href":"https:\/\/www.ihoxfordlecce.it\/en_gb\/wp-json\/wp\/v2\/posts\/5194\/revisions"}],"wp:featuredmedia":[{"embeddable":true,"href":"https:\/\/www.ihoxfordlecce.it\/en_gb\/wp-json\/wp\/v2\/media\/5195"}],"wp:attachment":[{"href":"https:\/\/www.ihoxfordlecce.it\/en_gb\/wp-json\/wp\/v2\/media?parent=5194"}],"wp:term":[{"taxonomy":"category","embeddable":true,"href":"https:\/\/www.ihoxfordlecce.it\/en_gb\/wp-json\/wp\/v2\/categories?post=5194"},{"taxonomy":"post_tag","embeddable":true,"href":"https:\/\/www.ihoxfordlecce.it\/en_gb\/wp-json\/wp\/v2\/tags?post=5194"}],"curies":[{"name":"wp","href":"https:\/\/api.w.org\/{rel}","templated":true}]}}